{"id":10280,"count":1,"description":"","link":"https:\/\/www.johncoulthart.com\/feuilleton\/tag\/frantisek-vlacil\/","name":"Franti\u0161ek Vl\u00e1\u010dil","slug":"frantisek-vlacil","taxonomy":"post_tag","meta":[],"_links":{"self":[{"href":"https:\/\/www.johncoulthart.com\/feuilleton\/wp-json\/wp\/v2\/tags\/10280","targetHints":{"allow":["GET"]}}],"collection":[{"href":"https:\/\/www.johncoulthart.com\/feuilleton\/wp-json\/wp\/v2\/tags"}],"about":[{"href":"https:\/\/www.johncoulthart.com\/feuilleton\/wp-json\/wp\/v2\/taxonomies\/post_tag"}],"wp:post_type":[{"href":"https:\/\/www.johncoulthart.com\/feuilleton\/wp-json\/wp\/v2\/posts?tags=10280"}],"curies":[{"name":"wp","href":"https:\/\/api.w.org\/{rel}","templated":true}]}}