{"id":6822,"date":"2010-02-24T03:35:22","date_gmt":"2010-02-24T02:35:22","guid":{"rendered":"http:\/\/www.johncoulthart.com\/feuilleton\/?p=6822"},"modified":"2010-02-24T04:04:13","modified_gmt":"2010-02-24T03:04:13","slug":"les-papillons-metamorphoses-terrestres-des-peuples-de-lair","status":"publish","type":"post","link":"https:\/\/www.johncoulthart.com\/feuilleton\/2010\/02\/24\/les-papillons-metamorphoses-terrestres-des-peuples-de-lair\/","title":{"rendered":"Les Papillons, m\u00e9tamorphoses terrestres des peuples de l&#8217;air"},"content":{"rendered":"<p><a href=\"http:\/\/www.flickr.com\/photos\/odisea2008\/3878889044\/sizes\/o\/in\/set-72157622207782424\/\" target=\"_blank\"><img decoding=\"async\" src=\"https:\/\/www.johncoulthart.com\/feuilleton\/wp-content\/uploads\/2010\/02\/varin1.jpg\" alt=\"varin1.jpg\" \/><\/a><\/p>\n<p>Illustrations by Pierre Am\u00e9d\u00e9e Varin (1818\u20131883) of the butterfly people from <em>Les Papillons, m\u00e9tamorphoses terrestres des peuples de l&#8217;air<\/em> (1862), a book by Eug\u00e8ne Nus and Antony M\u00e9ray. These are from <a href=\"http:\/\/www.flickr.com\/photos\/odisea2008\/sets\/72157622207782424\/\" target=\"_blank\">an Am\u00e9d\u00e9e Varin set<\/a> at Flickr which also features some of Varin&#8217;s vegetable beings. Butterfly people have been turning up in my own work recently but you&#8217;ll have to wait to see those.<\/p>\n<p><a href=\"http:\/\/www.flickr.com\/photos\/odisea2008\/3878888146\/sizes\/o\/in\/set-72157622207782424\/\" target=\"_blank\"><img decoding=\"async\" src=\"https:\/\/www.johncoulthart.com\/feuilleton\/wp-content\/uploads\/2010\/02\/varin2.jpg\" alt=\"varin2.jpg\" \/><\/a><\/p>\n<p>Elsewhere on { feuilleton }<br \/>\n\u2022 <a href=\"https:\/\/www.johncoulthart.com\/feuilleton\/the-illustrators-archive\/\">The illustrators archive<\/a><\/p>\n<p>Previously on { feuilleton }<br \/>\n\u2022 <a href=\"https:\/\/www.johncoulthart.com\/feuilleton\/2010\/01\/20\/the-art-of-yannis-tsarouchis-1910\u20131989\/\">The art of Yannis Tsarouchis, 1910\u20131989<\/a><br \/>\n\u2022 <a href=\"https:\/\/www.johncoulthart.com\/feuilleton\/2009\/02\/27\/butterfly-women\/\">Butterfly women<\/a><br \/>\n\u2022 <a href=\"https:\/\/www.johncoulthart.com\/feuilleton\/2006\/03\/04\/saint-aubins-butterfly-people\/\">Saint-Aubin\u2019s Butterfly People<\/a><\/p>\n","protected":false},"excerpt":{"rendered":"<p>Illustrations by Pierre Am\u00e9d\u00e9e Varin (1818\u20131883) of the butterfly people from Les Papillons, m\u00e9tamorphoses terrestres des peuples de l&#8217;air (1862), a book by Eug\u00e8ne Nus and Antony M\u00e9ray. These are from an Am\u00e9d\u00e9e Varin set at Flickr which also features some of Varin&#8217;s vegetable beings. Butterfly people have been turning up in my own work &hellip; <a href=\"https:\/\/www.johncoulthart.com\/feuilleton\/2010\/02\/24\/les-papillons-metamorphoses-terrestres-des-peuples-de-lair\/\" class=\"more-link\">Continue reading<span class=\"screen-reader-text\"> &#8220;Les Papillons, m\u00e9tamorphoses terrestres des peuples de l&#8217;air&#8221;<\/span><\/a><\/p>\n","protected":false},"author":1,"featured_media":0,"comment_status":"open","ping_status":"open","sticky":false,"template":"","format":"standard","meta":{"jetpack_post_was_ever_published":false,"_jetpack_newsletter_access":"","_jetpack_dont_email_post_to_subs":false,"_jetpack_newsletter_tier_id":0,"_jetpack_memberships_contains_paywalled_content":false,"_jetpack_memberships_contains_paid_content":false,"footnotes":"","jetpack_publicize_message":"","jetpack_publicize_feature_enabled":true,"jetpack_social_post_already_shared":false,"jetpack_social_options":{"image_generator_settings":{"template":"highway","default_image_id":0,"font":"","enabled":false},"version":2}},"categories":[2,42,48],"tags":[1022,1024,1023,950],"class_list":["post-6822","post","type-post","status-publish","format-standard","hentry","category-art","category-books","category-illustrators","tag-amedee-varin","tag-antony-meray","tag-eugene-nus","tag-yannis-tsarouchis"],"jetpack_publicize_connections":[],"jetpack_featured_media_url":"","jetpack_shortlink":"https:\/\/wp.me\/pq7rV-1M2","jetpack_sharing_enabled":true,"_links":{"self":[{"href":"https:\/\/www.johncoulthart.com\/feuilleton\/wp-json\/wp\/v2\/posts\/6822","targetHints":{"allow":["GET"]}}],"collection":[{"href":"https:\/\/www.johncoulthart.com\/feuilleton\/wp-json\/wp\/v2\/posts"}],"about":[{"href":"https:\/\/www.johncoulthart.com\/feuilleton\/wp-json\/wp\/v2\/types\/post"}],"author":[{"embeddable":true,"href":"https:\/\/www.johncoulthart.com\/feuilleton\/wp-json\/wp\/v2\/users\/1"}],"replies":[{"embeddable":true,"href":"https:\/\/www.johncoulthart.com\/feuilleton\/wp-json\/wp\/v2\/comments?post=6822"}],"version-history":[{"count":0,"href":"https:\/\/www.johncoulthart.com\/feuilleton\/wp-json\/wp\/v2\/posts\/6822\/revisions"}],"wp:attachment":[{"href":"https:\/\/www.johncoulthart.com\/feuilleton\/wp-json\/wp\/v2\/media?parent=6822"}],"wp:term":[{"taxonomy":"category","embeddable":true,"href":"https:\/\/www.johncoulthart.com\/feuilleton\/wp-json\/wp\/v2\/categories?post=6822"},{"taxonomy":"post_tag","embeddable":true,"href":"https:\/\/www.johncoulthart.com\/feuilleton\/wp-json\/wp\/v2\/tags?post=6822"}],"curies":[{"name":"wp","href":"https:\/\/api.w.org\/{rel}","templated":true}]}}